{"id":5116,"date":"2023-09-18T19:45:07","date_gmt":"2023-09-18T18:45:07","guid":{"rendered":"https:\/\/www.clinicaica.com\/?p=5116"},"modified":"2024-08-27T15:52:03","modified_gmt":"2024-08-27T14:52:03","slug":"puedo-hacerme-microinjerto-capilar","status":"publish","type":"post","link":"https:\/\/www.clinicaica.com\/de\/puedo-hacerme-microinjerto-capilar\/","title":{"rendered":"\u00bfPuedes hacerte un microinjerto capilar?"},"content":{"rendered":"<figure class=\"wp-block-image size-full\"><img fetchpriority=\"high\" decoding=\"async\" width=\"850\" height=\"550\" src=\"https:\/\/www.clinicaica.com\/wp-content\/uploads\/2023\/03\/Diseno-sin-titulo-5.png\" alt=\"\" class=\"wp-image-4507\" srcset=\"https:\/\/www.clinicaica.com\/wp-content\/uploads\/2023\/03\/Diseno-sin-titulo-5.png 850w, https:\/\/www.clinicaica.com\/wp-content\/uploads\/2023\/03\/Diseno-sin-titulo-5-480x311.png 480w\" sizes=\"(min-width: 0px) and (max-width: 480px) 480px, (min-width: 481px) 850px, 100vw\" \/><\/figure>\n\n\n\n<p>La p\u00e9rdida de cabello es una preocupaci\u00f3n muy com\u00fan y no conoce de edades. Tanto hombres como mujeres buscan una soluci\u00f3n a este problema est\u00e9tico. El<a href=\"https:\/\/www.clinicaica.com\/de\/microinjerto-capilar-canarias\/?_gl=1*1btd02y*_up*MQ..*_ga*MjcwNDY3MTA3LjE2OTI3MDc2NTM.*_ga_53VXF79VNE*MTY5MjcwNzY1Mi4xLjEuMTY5MjcwNzg1OC4wLjAuMA..*_ga_9XBHEFKF7V*MTY5MjcwNzY1Mi4xLjEuMTY5MjcwNzg1OC4wLjAuMA..\" target=\"_blank\" rel=\"noreferrer noopener\"> microinjerto capilar<\/a> es una intervenci\u00f3n quir\u00fargica que permite recuperar el cabello. En <a href=\"https:\/\/www.clinicaica.com\/de\/?_gl=1%2A1boeetf%2A_up%2AMQ..%2A_ga%2AMjcwNDY3MTA3LjE2OTI3MDc2NTM.%2A_ga_53VXF79VNE%2AMTY5MjcwNzY1Mi4xLjEuMTY5MjcwNzcxOC4wLjAuMA..%2A_ga_9XBHEFKF7V%2AMTY5MjcwNzY1Mi4xLjEuMTY5MjcwNzcxOC4wLjAuMA..\" target=\"_blank\" rel=\"noreferrer noopener\">Cl\u00ednica ICA<\/a>, te asesoraremos en c\u00f3mo recuperar tu cabello y acompa\u00f1aremos durante todo el proceso.&nbsp;<\/p>\n\n\n\n<h2 class=\"wp-block-heading\" id=\"h-que-es-un-microinjerto-capilar\"><strong>\u00bfQu\u00e9 es un microinjerto capilar?<\/strong><\/h2>\n\n\n\n<p>Este m\u00e9todo avanzado y sencillo consiste en el trasplante de fol\u00edculos pilosos. El autotrasplante capilar cuenta con la ventaja de que no hay posibilidad de rechazo. Adem\u00e1s,&nbsp;tan solo lleva unas horas y no requiere hospitalizaci\u00f3n.&nbsp;<\/p>\n\n\n\n<p>El primer paso es realizar un examen capilar y valorar el historial cl\u00ednico del paciente. De esta manera, evaluaremos su situaci\u00f3n, la viabilidad de la intervenci\u00f3n y las \u00e1reas espec\u00edficas que requieren del tratamiento. Una vez se haya determinado que este es el m\u00e9todo adecuado, nuestros doctores realizar\u00e1n un dise\u00f1o del cuero cabelludo en el que actuar.&nbsp;<\/p>\n\n\n\n<p>Durante la operaci\u00f3n, se extraen los fol\u00edculos pilosos de la parte posterior de la cabeza para implantarlos en la zona afectada por alopecia. Trabajar\u00e1 siempre desde el mismo \u00e1ngulo del cabello original para lograr un aspecto natural.&nbsp;<\/p>\n\n\n\n<p>Gracias a los fol\u00edculos vivos, el pelo crecer\u00e1 de manera habitual. Necesitar\u00e1 un periodo de adaptaci\u00f3n de entre dos y cinco meses.\u00a0<\/p>\n\n\n\n<figure class=\"wp-block-image size-large\"><img decoding=\"async\" width=\"1024\" height=\"1024\" src=\"https:\/\/www.clinicaica.com\/wp-content\/uploads\/2024\/08\/EDITAR-NUEVA-Guia-Visual-ICA-TENERIFE-6-1-1024x1024.png\" alt=\"\" class=\"wp-image-5702\" srcset=\"https:\/\/www.clinicaica.com\/wp-content\/uploads\/2024\/08\/EDITAR-NUEVA-Guia-Visual-ICA-TENERIFE-6-1-1024x1024.png 1024w, https:\/\/www.clinicaica.com\/wp-content\/uploads\/2024\/08\/EDITAR-NUEVA-Guia-Visual-ICA-TENERIFE-6-1-980x980.png 980w, https:\/\/www.clinicaica.com\/wp-content\/uploads\/2024\/08\/EDITAR-NUEVA-Guia-Visual-ICA-TENERIFE-6-1-480x480.png 480w\" sizes=\"(min-width: 0px) and (max-width: 480px) 480px, (min-width: 481px) and (max-width: 980px) 980px, (min-width: 981px) 1024px, 100vw\" \/><\/figure>\n\n\n\n<h2 class=\"wp-block-heading\"><strong>\u00bfEres candidato para hacerte un microinjerto capilar?<\/strong><\/h2>\n\n\n\n<p>La p\u00e9rdida de cabello no siempre va asociada a la edad, por ello puedes realizarte este tratamiento desde que los 18 hasta los 80 a\u00f1os.&nbsp;<\/p>\n\n\n\n<p>El primer paso es realizar un estudio exhaustivo de tu caso de alopecia. Nuestros expertos en recuperaci\u00f3n capilar deben determinar la causa de este problema est\u00e9tico y, a partir de ah\u00ed, valorar\u00e1n otros factores como tu estilo de vida y tu estado general de salud.<\/p>\n\n\n\n<p>Debes tener en cuenta que la fase en la que se encuentra tu alopecia tambi\u00e9n es relevante. Puede que nuestros especialistas te recomienden esperar hasta llegar a una fase m\u00e1s adecuada para poder obtener los resultados m\u00e1s \u00f3ptimos. Si este fuera tu caso no debes preocuparte. En Cl\u00ednica ICA te ofreceremos distintas opciones que te ayudar\u00e1n a mejorar el problema como la terapia LED con nuestro <a href=\"https:\/\/www.clinicaica.com\/de\/terapia-fotodinamica-con-cascos-led-contra-la-caida-del-cabello\/\" target=\"_blank\" rel=\"noreferrer noopener\">casco Kavel L\u00e1ser<\/a> o la presoterapia.<\/p>\n\n\n\n<h2 class=\"wp-block-heading\"><strong>Los requisitos que debes cumplir<\/strong><\/h2>\n\n\n\n<ul class=\"wp-block-list\">\n<li>La ca\u00edda del cabello debe estar estabilizada.<\/li>\n\n\n\n<li>Tenemos que determinar bien cu\u00e1l es el origen de la calvicie para poder frenarla antes de realizar el microinjerto y no comprometer los resultados a largo plazo.<\/li>\n\n\n\n<li>Tu cuero cabelludo necesita tener un buen estado de salud y el pelo donante debe ser de calidad.<\/li>\n\n\n\n<li>Necesitas disponer de suficientes unidades foliculares en la zona donante para cubrir la zona problem\u00e1tica.<\/li>\n\n\n\n<li>Tu tipo de alopecia tiene que ser compatible con el microinjerto capilar.<\/li>\n<\/ul>\n\n\n\n<p>Te pedimos que valores tu salud y acudas a <a href=\"https:\/\/www.clinicaica.com\/de\/equipo-medico\/?_gl=1*5hm4fm*_up*MQ..*_ga*NjA4NTg1Nzg0LjE2OTI3MDc5NTU.*_ga_53VXF79VNE*MTY5MjcwNzk1NC4xLjAuMTY5MjcwNzk1NC4wLjAuMA..*_ga_9XBHEFKF7V*MTY5MjcwNzk1NC4xLjAuMTY5MjcwNzk1NC4wLjAuMA..\" target=\"_blank\" rel=\"noreferrer noopener\">verdaderos especialistas<\/a> con formaci\u00f3n para poder ayudarte. En las distintas <a href=\"https:\/\/www.clinicaica.com\/de\/clinicas\/?_gl=1*1kbgmem*_up*MQ..*_ga*MjcwNDY3MTA3LjE2OTI3MDc2NTM.*_ga_53VXF79VNE*MTY5MjcwNzY1Mi4xLjAuMTY5MjcwNzY1Mi4wLjAuMA..*_ga_9XBHEFKF7V*MTY5MjcwNzY1Mi4xLjAuMTY5MjcwNzY1Mi4wLjAuMA..\" target=\"_blank\" rel=\"noreferrer noopener\">sedes<\/a> de Cl\u00ednica ICA ponemos por delante el confort de los clientes y la confianza que depositan en nosotros. Por ello, de manera personalizada, estudiaremos tu caso en profundidad y resolveremos todas tus dudas. Tras conocer tus caracter\u00edsticas y necesidades sabremos qu\u00e9 es lo m\u00e1s indicado para t\u00ed y tu salud, \u00bfhablamos?<\/p>","protected":false},"excerpt":{"rendered":"<p>La p\u00e9rdida de cabello es una preocupaci\u00f3n muy com\u00fan y no conoce de edades. Tanto hombres como mujeres buscan una soluci\u00f3n a este problema est\u00e9tico. El microinjerto capilar es una intervenci\u00f3n quir\u00fargica que permite recuperar el cabello. En Cl\u00ednica ICA, te asesoraremos en c\u00f3mo recuperar tu cabello y acompa\u00f1aremos durante todo el proceso.&nbsp; \u00bfQu\u00e9 es [&hellip;]<\/p>\n","protected":false},"author":13,"featured_media":4507,"comment_status":"closed","ping_status":"closed","sticky":false,"template":"","format":"standard","meta":{"_et_pb_use_builder":"off","_et_pb_old_content":"","_et_gb_content_width":"","_sitemap_exclude":false,"_sitemap_priority":"","_sitemap_frequency":"","_mbp_gutenberg_autopost":false,"_joinchat":[],"footnotes":""},"categories":[69],"tags":[],"class_list":["post-5116","post","type-post","status-publish","format-standard","has-post-thumbnail","hentry","category-sin-categoria-es"],"yoast_head":"<!-- This site is optimized with the Yoast SEO Premium plugin v21.8 (Yoast SEO v27.3) - https:\/\/yoast.com\/product\/yoast-seo-premium-wordpress\/ -->\n<title>\u00bfPuedes hacerte un microinjerto capilar? -<\/title>\n<meta name=\"description\" content=\"\u00bfTe est\u00e1s planteando hacerte un microinjerto capilar? Te explicamos qu\u00e9 requisitos debes cumplir para realizarte este procedimiento.\" \/>\n<meta name=\"robots\" content=\"index, follow, max-snippet:-1, max-image-preview:large, max-video-preview:-1\" \/>\n<link rel=\"canonical\" href=\"https:\/\/www.clinicaica.com\/de\/puedo-hacerme-microinjerto-capilar\/\" \/>\n<meta property=\"og:locale\" content=\"de_DE\" \/>\n<meta property=\"og:type\" content=\"article\" \/>\n<meta property=\"og:title\" content=\"\u00bfPuedes hacerte un microinjerto capilar? - Instituto de Cirug\u00eda Avanzada\" \/>\n<meta property=\"og:description\" content=\"\u00bfTe est\u00e1s planteando hacerte un microinjerto capilar? Te explicamos qu\u00e9 requisitos debes cumplir para realizarte este procedimiento.\" \/>\n<meta property=\"og:url\" content=\"https:\/\/www.clinicaica.com\/de\/puedo-hacerme-microinjerto-capilar\/\" \/>\n<meta property=\"og:site_name\" content=\"Instituto de Cirug\u00eda Avanzada\" \/>\n<meta property=\"article:publisher\" content=\"https:\/\/www.facebook.com\/icaestetica\/\" \/>\n<meta property=\"article:published_time\" content=\"2023-09-18T18:45:07+00:00\" \/>\n<meta property=\"article:modified_time\" content=\"2024-08-27T14:52:03+00:00\" \/>\n<meta property=\"og:image\" content=\"https:\/\/www.clinicaica.com\/wp-content\/uploads\/2023\/03\/Diseno-sin-titulo-5.png\" \/>\n\t<meta property=\"og:image:width\" content=\"850\" \/>\n\t<meta property=\"og:image:height\" content=\"550\" \/>\n\t<meta property=\"og:image:type\" content=\"image\/png\" \/>\n<meta name=\"author\" content=\"info@clinicaica.com\" \/>\n<meta name=\"twitter:card\" content=\"summary_large_image\" \/>\n<meta name=\"twitter:label1\" content=\"Verfasst von\" \/>\n\t<meta name=\"twitter:data1\" content=\"info@clinicaica.com\" \/>\n\t<meta name=\"twitter:label2\" content=\"Gesch\u00e4tzte Lesezeit\" \/>\n\t<meta name=\"twitter:data2\" content=\"3\u00a0Minuten\" \/>\n<script type=\"application\/ld+json\" class=\"yoast-schema-graph\">{\"@context\":\"https:\\\/\\\/schema.org\",\"@graph\":[{\"@type\":\"Article\",\"@id\":\"https:\\\/\\\/www.clinicaica.com\\\/puedo-hacerme-microinjerto-capilar\\\/#article\",\"isPartOf\":{\"@id\":\"https:\\\/\\\/www.clinicaica.com\\\/puedo-hacerme-microinjerto-capilar\\\/\"},\"author\":{\"name\":\"info@clinicaica.com\",\"@id\":\"https:\\\/\\\/www.clinicaica.com\\\/#\\\/schema\\\/person\\\/0d071efc10ec3705c261b00148ac27c0\"},\"headline\":\"\u00bfPuedes hacerte un microinjerto capilar?\",\"datePublished\":\"2023-09-18T18:45:07+00:00\",\"dateModified\":\"2024-08-27T14:52:03+00:00\",\"mainEntityOfPage\":{\"@id\":\"https:\\\/\\\/www.clinicaica.com\\\/puedo-hacerme-microinjerto-capilar\\\/\"},\"wordCount\":566,\"publisher\":{\"@id\":\"https:\\\/\\\/www.clinicaica.com\\\/#organization\"},\"image\":{\"@id\":\"https:\\\/\\\/www.clinicaica.com\\\/puedo-hacerme-microinjerto-capilar\\\/#primaryimage\"},\"thumbnailUrl\":\"https:\\\/\\\/www.clinicaica.com\\\/wp-content\\\/uploads\\\/2023\\\/03\\\/Diseno-sin-titulo-5.png\",\"articleSection\":[\"Sin categor\u00eda\"],\"inLanguage\":\"de\"},{\"@type\":\"WebPage\",\"@id\":\"https:\\\/\\\/www.clinicaica.com\\\/puedo-hacerme-microinjerto-capilar\\\/\",\"url\":\"https:\\\/\\\/www.clinicaica.com\\\/puedo-hacerme-microinjerto-capilar\\\/\",\"name\":\"\u00bfPuedes hacerte un microinjerto capilar? -\",\"isPartOf\":{\"@id\":\"https:\\\/\\\/www.clinicaica.com\\\/#website\"},\"primaryImageOfPage\":{\"@id\":\"https:\\\/\\\/www.clinicaica.com\\\/puedo-hacerme-microinjerto-capilar\\\/#primaryimage\"},\"image\":{\"@id\":\"https:\\\/\\\/www.clinicaica.com\\\/puedo-hacerme-microinjerto-capilar\\\/#primaryimage\"},\"thumbnailUrl\":\"https:\\\/\\\/www.clinicaica.com\\\/wp-content\\\/uploads\\\/2023\\\/03\\\/Diseno-sin-titulo-5.png\",\"datePublished\":\"2023-09-18T18:45:07+00:00\",\"dateModified\":\"2024-08-27T14:52:03+00:00\",\"description\":\"\u00bfTe est\u00e1s planteando hacerte un microinjerto capilar? Te explicamos qu\u00e9 requisitos debes cumplir para realizarte este procedimiento.\",\"breadcrumb\":{\"@id\":\"https:\\\/\\\/www.clinicaica.com\\\/puedo-hacerme-microinjerto-capilar\\\/#breadcrumb\"},\"inLanguage\":\"de\",\"potentialAction\":[{\"@type\":\"ReadAction\",\"target\":[\"https:\\\/\\\/www.clinicaica.com\\\/puedo-hacerme-microinjerto-capilar\\\/\"]}]},{\"@type\":\"ImageObject\",\"inLanguage\":\"de\",\"@id\":\"https:\\\/\\\/www.clinicaica.com\\\/puedo-hacerme-microinjerto-capilar\\\/#primaryimage\",\"url\":\"https:\\\/\\\/www.clinicaica.com\\\/wp-content\\\/uploads\\\/2023\\\/03\\\/Diseno-sin-titulo-5.png\",\"contentUrl\":\"https:\\\/\\\/www.clinicaica.com\\\/wp-content\\\/uploads\\\/2023\\\/03\\\/Diseno-sin-titulo-5.png\",\"width\":850,\"height\":550},{\"@type\":\"BreadcrumbList\",\"@id\":\"https:\\\/\\\/www.clinicaica.com\\\/puedo-hacerme-microinjerto-capilar\\\/#breadcrumb\",\"itemListElement\":[{\"@type\":\"ListItem\",\"position\":1,\"name\":\"Portada\",\"item\":\"https:\\\/\\\/www.clinicaica.com\\\/\"},{\"@type\":\"ListItem\",\"position\":2,\"name\":\"\u00bfPuedes hacerte un microinjerto capilar?\"}]},{\"@type\":\"WebSite\",\"@id\":\"https:\\\/\\\/www.clinicaica.com\\\/#website\",\"url\":\"https:\\\/\\\/www.clinicaica.com\\\/\",\"name\":\"Instituto de Cirug\u00eda Avanzada\",\"description\":\"Medicina Est\u00e9tica en Tenerife y La Palma\",\"publisher\":{\"@id\":\"https:\\\/\\\/www.clinicaica.com\\\/#organization\"},\"alternateName\":\"ICA\",\"potentialAction\":[{\"@type\":\"SearchAction\",\"target\":{\"@type\":\"EntryPoint\",\"urlTemplate\":\"https:\\\/\\\/www.clinicaica.com\\\/?s={search_term_string}\"},\"query-input\":{\"@type\":\"PropertyValueSpecification\",\"valueRequired\":true,\"valueName\":\"search_term_string\"}}],\"inLanguage\":\"de\"},{\"@type\":\"Organization\",\"@id\":\"https:\\\/\\\/www.clinicaica.com\\\/#organization\",\"name\":\"Cl\u00ednicas Est\u00e9ticas en Canarias\",\"alternateName\":\"Cl\u00ednica ICA\",\"url\":\"https:\\\/\\\/www.clinicaica.com\\\/\",\"logo\":{\"@type\":\"ImageObject\",\"inLanguage\":\"de\",\"@id\":\"https:\\\/\\\/www.clinicaica.com\\\/#\\\/schema\\\/logo\\\/image\\\/\",\"url\":\"https:\\\/\\\/www.clinicaica.com\\\/wp-content\\\/uploads\\\/2021\\\/01\\\/instituto-cirugia-avanzada-ica.png\",\"contentUrl\":\"https:\\\/\\\/www.clinicaica.com\\\/wp-content\\\/uploads\\\/2021\\\/01\\\/instituto-cirugia-avanzada-ica.png\",\"width\":216,\"height\":90,\"caption\":\"Cl\u00ednicas Est\u00e9ticas en Canarias\"},\"image\":{\"@id\":\"https:\\\/\\\/www.clinicaica.com\\\/#\\\/schema\\\/logo\\\/image\\\/\"},\"sameAs\":[\"https:\\\/\\\/www.facebook.com\\\/icaestetica\\\/\",\"https:\\\/\\\/www.instagram.com\\\/clinicaica_\\\/\"]},{\"@type\":\"Person\",\"@id\":\"https:\\\/\\\/www.clinicaica.com\\\/#\\\/schema\\\/person\\\/0d071efc10ec3705c261b00148ac27c0\",\"name\":\"info@clinicaica.com\"}]}<\/script>\n<!-- \/ Yoast SEO Premium plugin. -->","yoast_head_json":{"title":"\u00bfPuedes hacerte un microinjerto capilar? -","description":"\u00bfTe est\u00e1s planteando hacerte un microinjerto capilar? Te explicamos qu\u00e9 requisitos debes cumplir para realizarte este procedimiento.","robots":{"index":"index","follow":"follow","max-snippet":"max-snippet:-1","max-image-preview":"max-image-preview:large","max-video-preview":"max-video-preview:-1"},"canonical":"https:\/\/www.clinicaica.com\/de\/puedo-hacerme-microinjerto-capilar\/","og_locale":"de_DE","og_type":"article","og_title":"\u00bfPuedes hacerte un microinjerto capilar? - Instituto de Cirug\u00eda Avanzada","og_description":"\u00bfTe est\u00e1s planteando hacerte un microinjerto capilar? Te explicamos qu\u00e9 requisitos debes cumplir para realizarte este procedimiento.","og_url":"https:\/\/www.clinicaica.com\/de\/puedo-hacerme-microinjerto-capilar\/","og_site_name":"Instituto de Cirug\u00eda Avanzada","article_publisher":"https:\/\/www.facebook.com\/icaestetica\/","article_published_time":"2023-09-18T18:45:07+00:00","article_modified_time":"2024-08-27T14:52:03+00:00","og_image":[{"width":850,"height":550,"url":"https:\/\/www.clinicaica.com\/wp-content\/uploads\/2023\/03\/Diseno-sin-titulo-5.png","type":"image\/png"}],"author":"info@clinicaica.com","twitter_card":"summary_large_image","twitter_misc":{"Verfasst von":"info@clinicaica.com","Gesch\u00e4tzte Lesezeit":"3\u00a0Minuten"},"schema":{"@context":"https:\/\/schema.org","@graph":[{"@type":"Article","@id":"https:\/\/www.clinicaica.com\/puedo-hacerme-microinjerto-capilar\/#article","isPartOf":{"@id":"https:\/\/www.clinicaica.com\/puedo-hacerme-microinjerto-capilar\/"},"author":{"name":"info@clinicaica.com","@id":"https:\/\/www.clinicaica.com\/#\/schema\/person\/0d071efc10ec3705c261b00148ac27c0"},"headline":"\u00bfPuedes hacerte un microinjerto capilar?","datePublished":"2023-09-18T18:45:07+00:00","dateModified":"2024-08-27T14:52:03+00:00","mainEntityOfPage":{"@id":"https:\/\/www.clinicaica.com\/puedo-hacerme-microinjerto-capilar\/"},"wordCount":566,"publisher":{"@id":"https:\/\/www.clinicaica.com\/#organization"},"image":{"@id":"https:\/\/www.clinicaica.com\/puedo-hacerme-microinjerto-capilar\/#primaryimage"},"thumbnailUrl":"https:\/\/www.clinicaica.com\/wp-content\/uploads\/2023\/03\/Diseno-sin-titulo-5.png","articleSection":["Sin categor\u00eda"],"inLanguage":"de"},{"@type":"WebPage","@id":"https:\/\/www.clinicaica.com\/puedo-hacerme-microinjerto-capilar\/","url":"https:\/\/www.clinicaica.com\/puedo-hacerme-microinjerto-capilar\/","name":"\u00bfPuedes hacerte un microinjerto capilar? -","isPartOf":{"@id":"https:\/\/www.clinicaica.com\/#website"},"primaryImageOfPage":{"@id":"https:\/\/www.clinicaica.com\/puedo-hacerme-microinjerto-capilar\/#primaryimage"},"image":{"@id":"https:\/\/www.clinicaica.com\/puedo-hacerme-microinjerto-capilar\/#primaryimage"},"thumbnailUrl":"https:\/\/www.clinicaica.com\/wp-content\/uploads\/2023\/03\/Diseno-sin-titulo-5.png","datePublished":"2023-09-18T18:45:07+00:00","dateModified":"2024-08-27T14:52:03+00:00","description":"\u00bfTe est\u00e1s planteando hacerte un microinjerto capilar? Te explicamos qu\u00e9 requisitos debes cumplir para realizarte este procedimiento.","breadcrumb":{"@id":"https:\/\/www.clinicaica.com\/puedo-hacerme-microinjerto-capilar\/#breadcrumb"},"inLanguage":"de","potentialAction":[{"@type":"ReadAction","target":["https:\/\/www.clinicaica.com\/puedo-hacerme-microinjerto-capilar\/"]}]},{"@type":"ImageObject","inLanguage":"de","@id":"https:\/\/www.clinicaica.com\/puedo-hacerme-microinjerto-capilar\/#primaryimage","url":"https:\/\/www.clinicaica.com\/wp-content\/uploads\/2023\/03\/Diseno-sin-titulo-5.png","contentUrl":"https:\/\/www.clinicaica.com\/wp-content\/uploads\/2023\/03\/Diseno-sin-titulo-5.png","width":850,"height":550},{"@type":"BreadcrumbList","@id":"https:\/\/www.clinicaica.com\/puedo-hacerme-microinjerto-capilar\/#breadcrumb","itemListElement":[{"@type":"ListItem","position":1,"name":"Portada","item":"https:\/\/www.clinicaica.com\/"},{"@type":"ListItem","position":2,"name":"\u00bfPuedes hacerte un microinjerto capilar?"}]},{"@type":"WebSite","@id":"https:\/\/www.clinicaica.com\/#website","url":"https:\/\/www.clinicaica.com\/","name":"Instituto de Cirug\u00eda Avanzada","description":"Medicina Est\u00e9tica en Tenerife y La Palma","publisher":{"@id":"https:\/\/www.clinicaica.com\/#organization"},"alternateName":"ICA","potentialAction":[{"@type":"SearchAction","target":{"@type":"EntryPoint","urlTemplate":"https:\/\/www.clinicaica.com\/?s={search_term_string}"},"query-input":{"@type":"PropertyValueSpecification","valueRequired":true,"valueName":"search_term_string"}}],"inLanguage":"de"},{"@type":"Organization","@id":"https:\/\/www.clinicaica.com\/#organization","name":"\u00c4sthetische Kliniken auf den Kanarischen Inseln","alternateName":"Cl\u00ednica ICA","url":"https:\/\/www.clinicaica.com\/","logo":{"@type":"ImageObject","inLanguage":"de","@id":"https:\/\/www.clinicaica.com\/#\/schema\/logo\/image\/","url":"https:\/\/www.clinicaica.com\/wp-content\/uploads\/2021\/01\/instituto-cirugia-avanzada-ica.png","contentUrl":"https:\/\/www.clinicaica.com\/wp-content\/uploads\/2021\/01\/instituto-cirugia-avanzada-ica.png","width":216,"height":90,"caption":"Cl\u00ednicas Est\u00e9ticas en Canarias"},"image":{"@id":"https:\/\/www.clinicaica.com\/#\/schema\/logo\/image\/"},"sameAs":["https:\/\/www.facebook.com\/icaestetica\/","https:\/\/www.instagram.com\/clinicaica_\/"]},{"@type":"Person","@id":"https:\/\/www.clinicaica.com\/#\/schema\/person\/0d071efc10ec3705c261b00148ac27c0","name":"info@clinicaica.com"}]}},"_links":{"self":[{"href":"https:\/\/www.clinicaica.com\/de\/wp-json\/wp\/v2\/posts\/5116","targetHints":{"allow":["GET"]}}],"collection":[{"href":"https:\/\/www.clinicaica.com\/de\/wp-json\/wp\/v2\/posts"}],"about":[{"href":"https:\/\/www.clinicaica.com\/de\/wp-json\/wp\/v2\/types\/post"}],"author":[{"embeddable":true,"href":"https:\/\/www.clinicaica.com\/de\/wp-json\/wp\/v2\/users\/13"}],"replies":[{"embeddable":true,"href":"https:\/\/www.clinicaica.com\/de\/wp-json\/wp\/v2\/comments?post=5116"}],"version-history":[{"count":0,"href":"https:\/\/www.clinicaica.com\/de\/wp-json\/wp\/v2\/posts\/5116\/revisions"}],"wp:featuredmedia":[{"embeddable":true,"href":"https:\/\/www.clinicaica.com\/de\/wp-json\/wp\/v2\/media\/4507"}],"wp:attachment":[{"href":"https:\/\/www.clinicaica.com\/de\/wp-json\/wp\/v2\/media?parent=5116"}],"wp:term":[{"taxonomy":"category","embeddable":true,"href":"https:\/\/www.clinicaica.com\/de\/wp-json\/wp\/v2\/categories?post=5116"},{"taxonomy":"post_tag","embeddable":true,"href":"https:\/\/www.clinicaica.com\/de\/wp-json\/wp\/v2\/tags?post=5116"}],"curies":[{"name":"wp","href":"https:\/\/api.w.org\/{rel}","templated":true}]}}